{"id":5508,"date":"2024-01-22T09:12:53","date_gmt":"2024-01-22T14:12:53","guid":{"rendered":"https:\/\/simon-pagenaud.com\/?p=5508"},"modified":"2024-01-22T09:26:10","modified_gmt":"2024-01-22T14:26:10","slug":"vers-des-jours-meilleurs","status":"publish","type":"post","link":"https:\/\/simon-pagenaud.com\/fr\/2024\/01\/22\/vers-des-jours-meilleurs\/","title":{"rendered":"Vers des jours meilleurs"},"content":{"rendered":"\n<p>2023 n&rsquo;a pas \u00e9t\u00e9 une ann\u00e9e facile pour moi, comme la plupart d&rsquo;entre vous le savent. Le 1er juillet, j\u2019ai d\u00fb interrompre ma participation au Grand Prix de Mid-Ohio suite \u00e0 un gros accident lors d&rsquo;une s\u00e9ance d&rsquo;essais. Ma voiture a subi une d\u00e9faillance d\u00fb \u00e0 un d\u00e9faut de fabrication des freins, ce qui a provoqu\u00e9 une sortie de piste avec plusieurs tonneaux \u00e0 grande vitesse \u00e0 290 km\/h. L&rsquo;\u00e9quipe de s\u00e9curit\u00e9 de l&rsquo;IndyCar a fait un travail incroyable pour me sortir de la voiture et s&rsquo;occuper de moi dans les premi\u00e8res heures apr\u00e8s l&rsquo;impact. Je leur en serai \u00e9ternellement reconnaissant. <\/p>\n\n\n\n<p>En raison de l&rsquo;accident, je n&rsquo;ai pas pu continuer ma saison, ce qui signifie que je n&rsquo;ai fait que huit courses en 2023. Depuis, je me concentre sur le retour \u00e0 100 % de ma sant\u00e9. Pour cela, j&rsquo;ai travaill\u00e9 en \u00e9troite collaboration avec une \u00e9quipe de m\u00e9decins formidables et j&rsquo;ai progress\u00e9 chaque jour. <\/p>\n\n\n\n<p>Je ne sais pas encore si je serai de retour derri\u00e8re un volant en 2024 ni si je suis pr\u00eat pour cela. Je veux prendre les choses lentement pour m&rsquo;assurer que lorsque je reviendrai, je serai \u00e0 nouveau \u00e0 mon meilleur niveau. <\/p>\n\n\n\n<p>Pour l&rsquo;instant, je tiens \u00e0 remercier tous ceux d&rsquo;entre vous qui m&rsquo;ont envoy\u00e9 des messages de soutien, et bien s\u00fbr un grand merci \u00e0 ma famille, \u00e0 mes amis et \u00e0 mon \u00e9quipe qui ont \u00e9t\u00e9 l\u00e0 pour moi 24 heures sur 24, 7 jours sur 7. <\/p>\n\n\n\n<p>Pendant que je r\u00e9fl\u00e9chis \u00e0 mes prochaines \u00e9tapes, je veux aussi profiter de l&rsquo;occasion pour revenir sur ma carri\u00e8re et me rem\u00e9morer avec vous les succ\u00e8s pass\u00e9s et les moments sp\u00e9ciaux. Mais ne vous m\u00e9prenez pas : ce n&rsquo;est pas la fin, car des temps meilleurs sont \u00e0 venir !<\/p>\n\n\n\n<p>Bonne ann\u00e9e 2024 \u00e0 tous ! <\/p>\n\n\n\n<div style=\"height:33px\" aria-hidden=\"true\" class=\"wp-block-spacer\"><\/div>\n\n\n\n<div class=\"wp-block-columns is-layout-flex wp-container-core-columns-is-layout-9d6595d7 wp-block-columns-is-layout-flex\">\n<div class=\"wp-block-column is-layout-flow wp-block-column-is-layout-flow\" style=\"flex-basis:25%\"><\/div>\n\n\n\n<div class=\"wp-block-column is-layout-flow wp-block-column-is-layout-flow\" style=\"flex-basis:50%\">\n<figure class=\"wp-block-video\"><video controls src=\"https:\/\/simon-pagenaud.com\/wp-content\/uploads\/2024\/01\/170124-News-update-Simon-FR.mp4\"><\/video><\/figure>\n<\/div>\n\n\n\n<div class=\"wp-block-column is-layout-flow wp-block-column-is-layout-flow\" style=\"flex-basis:25%\"><\/div>\n<\/div>\n","protected":false},"excerpt":{"rendered":"<p>2023 n&rsquo;a pas \u00e9t\u00e9 une ann\u00e9e facile pour moi, comme la plupart d&rsquo;entre vous le savent. Le 1er juillet, j\u2019ai d\u00fb interrompre ma participation au Grand Prix de Mid-Ohio suite \u00e0 un gros accident lors d&rsquo;une s\u00e9ance d&rsquo;essais. Ma voiture a subi une d\u00e9faillance d\u00fb \u00e0 un d\u00e9faut de fabrication des freins, ce qui a [&hellip;]<\/p>\n","protected":false},"author":1,"featured_media":5511,"comment_status":"closed","ping_status":"closed","sticky":false,"template":"","format":"standard","meta":{"_et_pb_use_builder":"off","_et_pb_old_content":"","_et_gb_content_width":"","footnotes":""},"categories":[25],"tags":[],"table_tags":[],"class_list":["post-5508","post","type-post","status-publish","format-standard","has-post-thumbnail","hentry","category-indycar-fr"],"_links":{"self":[{"href":"https:\/\/simon-pagenaud.com\/fr\/wp-json\/wp\/v2\/posts\/5508","targetHints":{"allow":["GET"]}}],"collection":[{"href":"https:\/\/simon-pagenaud.com\/fr\/wp-json\/wp\/v2\/posts"}],"about":[{"href":"https:\/\/simon-pagenaud.com\/fr\/wp-json\/wp\/v2\/types\/post"}],"author":[{"embeddable":true,"href":"https:\/\/simon-pagenaud.com\/fr\/wp-json\/wp\/v2\/users\/1"}],"replies":[{"embeddable":true,"href":"https:\/\/simon-pagenaud.com\/fr\/wp-json\/wp\/v2\/comments?post=5508"}],"version-history":[{"count":6,"href":"https:\/\/simon-pagenaud.com\/fr\/wp-json\/wp\/v2\/posts\/5508\/revisions"}],"predecessor-version":[{"id":5527,"href":"https:\/\/simon-pagenaud.com\/fr\/wp-json\/wp\/v2\/posts\/5508\/revisions\/5527"}],"wp:featuredmedia":[{"embeddable":true,"href":"https:\/\/simon-pagenaud.com\/fr\/wp-json\/wp\/v2\/media\/5511"}],"wp:attachment":[{"href":"https:\/\/simon-pagenaud.com\/fr\/wp-json\/wp\/v2\/media?parent=5508"}],"wp:term":[{"taxonomy":"category","embeddable":true,"href":"https:\/\/simon-pagenaud.com\/fr\/wp-json\/wp\/v2\/categories?post=5508"},{"taxonomy":"post_tag","embeddable":true,"href":"https:\/\/simon-pagenaud.com\/fr\/wp-json\/wp\/v2\/tags?post=5508"},{"taxonomy":"table_tags","embeddable":true,"href":"https:\/\/simon-pagenaud.com\/fr\/wp-json\/wp\/v2\/table_tags?post=5508"}],"curies":[{"name":"wp","href":"https:\/\/api.w.org\/{rel}","templated":true}]}}