{"id":3342,"date":"2020-09-11T17:51:19","date_gmt":"2020-09-11T17:51:19","guid":{"rendered":"https:\/\/simon-pagenaud.com\/2021\/12\/17\/simon-pagenaud-se-joint-a-la-ville-de-montmorillon-pour-celebrer-le-passage-du-tour-de-france\/"},"modified":"2021-12-21T16:56:06","modified_gmt":"2021-12-21T16:56:06","slug":"simon-pagenaud-se-joint-a-la-ville-de-montmorillon-pour-celebrer-le-passage-du-tour-de-france","status":"publish","type":"post","link":"https:\/\/simon-pagenaud.com\/fr\/2020\/09\/11\/simon-pagenaud-se-joint-a-la-ville-de-montmorillon-pour-celebrer-le-passage-du-tour-de-france\/","title":{"rendered":"Simon Pagenaud se joint \u00e0 la ville de Montmorillon pour c\u00e9l\u00e9brer le passage du Tour de France"},"content":{"rendered":"\n<p>La douzi\u00e8me \u00e9tape du Tour de France 2020 a travers\u00e9 Montmorillon, la ville natale de Simon Pagenaud, aujourd\u2019hui vers midi trente. Afin de f\u00eater cet \u00e9v\u00e8nement, Pagenaud s\u2019est joint aux festivit\u00e9s de la ville en exposant une de ses monoplaces aux couleurs jaune fluo.<\/p>\n\n<p>Grand passionn\u00e9 de v\u00e9lo, Pagenaud suit avec attention le Tour de France tous les ans depuis chez lui, aux Etats-Unis. C\u2019\u00e9tait donc une journ\u00e9e tr\u00e8s sp\u00e9ciale pour le pilote IndyCar. Quand les coureurs ont travers\u00e9 Montmorillon, ils ont pu apercevoir la monoplace jaune de Pagenaud, expos\u00e9e sur le trac\u00e9 du Tour. <\/p>\n\n<figure class=\"wp-block-image size-large\"><img loading=\"lazy\" decoding=\"async\" width=\"1024\" height=\"768\" src=\"https:\/\/simon-pagenaud.com\/wp-content\/uploads\/2021\/12\/tdf2-1024x768.jpg\" alt=\"\" class=\"wp-image-3057\" srcset=\"https:\/\/simon-pagenaud.com\/wp-content\/uploads\/2021\/12\/tdf2-1024x768.jpg 1024w, https:\/\/simon-pagenaud.com\/wp-content\/uploads\/2021\/12\/tdf2-980x735.jpg 980w, https:\/\/simon-pagenaud.com\/wp-content\/uploads\/2021\/12\/tdf2-480x360.jpg 480w\" sizes=\"(min-width: 0px) and (max-width: 480px) 480px, (min-width: 481px) and (max-width: 980px) 980px, (min-width: 981px) 1024px, 100vw\" \/><\/figure>\n\n<blockquote class=\"wp-block-quote is-layout-flow wp-block-quote-is-layout-flow\"><p>Simon Pagenaud : \u00ab Le Tour de France est un \u00e9v\u00e9nement sportif mondial tellement populaire qui permet de montrer les qualit\u00e9s de notre pays, la France, \u00e0 travers un sport incroyable. \u00c9tant aux Etats-Unis, c\u2019est une fiert\u00e9 de voir la France sous ses meilleurs angles \u00e0 des milliers de kilom\u00e8tres ! La ville de Montmorillon a voulu faire le maximum pour c\u00e9l\u00e9brer ses sp\u00e9cialit\u00e9s et montrer ses valeurs. J\u2019ai voulu me joindre \u00e0 la ville de Montmorillon pour c\u00e9l\u00e9brer cette f\u00eate du sport et remercier l\u2019organisation du Tour de France en exposant une monoplace \u00e0 mes couleurs en souvenir de notre victoire aux 500 Miles d\u2019Indianapolis. \u00bb <\/p><\/blockquote>\n\n<p>L\u2019ann\u00e9e derni\u00e8re, lors de son passage en France afin de c\u00e9l\u00e9brer sa victoire aux 500 Miles avec les fran\u00e7ais, Pagenaud a rencontr\u00e9 Marc Madiot, manager g\u00e9n\u00e9ral de l\u2019\u00e9quipe Groupama-FDJ, lors d\u2019un d\u00e9jeuner. Madiot a v\u00e9cu la victoire du pilote fran\u00e7ais aux 500 Miles avec beaucoup d\u2019\u00e9motions. Ils ont pu \u00e9changer avec intensit\u00e9 sur leurs deux sports, en relevant beaucoup de points communs. D\u2019ailleurs, le v\u00e9lo fait partie int\u00e9grante de la pr\u00e9paration physique quotidienne de Pagenaud. <\/p>\n","protected":false},"excerpt":{"rendered":"<p>La douzi\u00e8me \u00e9tape du Tour de France 2020 a travers\u00e9 Montmorillon, la ville natale de Simon Pagenaud, aujourd\u2019hui vers midi trente. Afin de f\u00eater cet \u00e9v\u00e8nement, Pagenaud s\u2019est joint aux festivit\u00e9s de la ville en exposant une de ses monoplaces aux couleurs jaune fluo. Grand passionn\u00e9 de v\u00e9lo, Pagenaud suit avec attention le Tour de [&hellip;]<\/p>\n","protected":false},"author":1,"featured_media":3157,"comment_status":"closed","ping_status":"open","sticky":false,"template":"","format":"standard","meta":{"_et_pb_use_builder":"off","_et_pb_old_content":"","_et_gb_content_width":"","footnotes":""},"categories":[29],"tags":[],"table_tags":[],"class_list":["post-3342","post","type-post","status-publish","format-standard","has-post-thumbnail","hentry","category-hors-competition"],"_links":{"self":[{"href":"https:\/\/simon-pagenaud.com\/fr\/wp-json\/wp\/v2\/posts\/3342","targetHints":{"allow":["GET"]}}],"collection":[{"href":"https:\/\/simon-pagenaud.com\/fr\/wp-json\/wp\/v2\/posts"}],"about":[{"href":"https:\/\/simon-pagenaud.com\/fr\/wp-json\/wp\/v2\/types\/post"}],"author":[{"embeddable":true,"href":"https:\/\/simon-pagenaud.com\/fr\/wp-json\/wp\/v2\/users\/1"}],"replies":[{"embeddable":true,"href":"https:\/\/simon-pagenaud.com\/fr\/wp-json\/wp\/v2\/comments?post=3342"}],"version-history":[{"count":1,"href":"https:\/\/simon-pagenaud.com\/fr\/wp-json\/wp\/v2\/posts\/3342\/revisions"}],"predecessor-version":[{"id":3343,"href":"https:\/\/simon-pagenaud.com\/fr\/wp-json\/wp\/v2\/posts\/3342\/revisions\/3343"}],"wp:featuredmedia":[{"embeddable":true,"href":"https:\/\/simon-pagenaud.com\/fr\/wp-json\/wp\/v2\/media\/3157"}],"wp:attachment":[{"href":"https:\/\/simon-pagenaud.com\/fr\/wp-json\/wp\/v2\/media?parent=3342"}],"wp:term":[{"taxonomy":"category","embeddable":true,"href":"https:\/\/simon-pagenaud.com\/fr\/wp-json\/wp\/v2\/categories?post=3342"},{"taxonomy":"post_tag","embeddable":true,"href":"https:\/\/simon-pagenaud.com\/fr\/wp-json\/wp\/v2\/tags?post=3342"},{"taxonomy":"table_tags","embeddable":true,"href":"https:\/\/simon-pagenaud.com\/fr\/wp-json\/wp\/v2\/table_tags?post=3342"}],"curies":[{"name":"wp","href":"https:\/\/api.w.org\/{rel}","templated":true}]}}