{"id":3326,"date":"2021-04-14T17:21:00","date_gmt":"2021-04-14T17:21:00","guid":{"rendered":"https:\/\/simon-pagenaud.com\/2021\/12\/17\/joyeux-anniversaire-10-ans-en-indycar\/"},"modified":"2024-03-27T11:02:11","modified_gmt":"2024-03-27T15:02:11","slug":"joyeux-anniversaire-10-ans-en-indycar","status":"publish","type":"post","link":"https:\/\/simon-pagenaud.com\/fr\/2021\/04\/14\/joyeux-anniversaire-10-ans-en-indycar\/","title":{"rendered":"Joyeux anniversaire : 10 ans en INDYCAR"},"content":{"rendered":"\n<p>2021 marque ma 10\u00e8me saison en IndyCar. Je n&rsquo;arrive pas \u00e0 croire \u00e0 quel vitesse le temps a pass\u00e9. Et combien de choses se sont pass\u00e9es au cours de ces 10 ann\u00e9es. J&rsquo;ai gagn\u00e9 les 500 Miles d\u2019Indianapolis, mon r\u00eave de toute une vie, j&rsquo;ai \u00e9t\u00e9 champion IndyCar et j&rsquo;ai gagn\u00e9 15 courses. Et mon travail est loin d&rsquo;\u00eatre termin\u00e9. J&rsquo;ai tellement plus \u00e0 r\u00e9aliser dans ce sport, le meilleur reste \u00e0 venir !<\/p>\n\n<h2 class=\"wp-block-heading\">Comment tout a commenc\u00e9<\/h2>\n\n<p>Rien ne m&rsquo;a vraiment pr\u00e9destin\u00e9 pour cette carri\u00e8re. Personne dans ma famille n&rsquo;avait d\u2019ant\u00e9c\u00e9dents dans le sport automobile, ni d\u2019ailleurs beaucoup d\u2019int\u00e9r\u00eat, avant que je commence \u00e0 courir. Mon premier contact avec la course remonte \u00e0 l\u2019\u00e2ge de 4 ans. J&rsquo;ai regard\u00e9 la lutte entre Senna et Prost \u00e0 la t\u00e9l\u00e9vision. Je me souviens avoir \u00e9t\u00e9 tr\u00e8s impressionn\u00e9 par la vitesse, et une passion est n\u00e9e ! Quand j&rsquo;avais 8 ans, j&rsquo;ai r\u00e9ussi \u00e0 convaincre mes parents de me laisser faire mes premiers pas en karting. <\/p>\n\n<p>J&rsquo;ai \u00e9t\u00e9 accro d\u00e8s le d\u00e9but, et tr\u00e8s investi.  J\u2019ai d\u00fb cependant attendre pr\u00e8s de 10 ans avant d&rsquo;avoir l&rsquo;occasion d\u2019int\u00e9grer le Volant Elf, qui \u00e9tait un championnat pour les jeunes pilotes. <\/p>\n\n<p>J&rsquo;ai remport\u00e9 le titre et mon prix a \u00e9t\u00e9 un si\u00e8ge dans une s\u00e9rie junior monoplace. J&rsquo;ai saut\u00e9 sur l&rsquo;occasion et ma vie a bascul\u00e9 dans l\u2019univers de la course automobile. Pendant quatre ans, j&rsquo;ai \u00e9volu\u00e9  dans les rangs de diff\u00e9rentes formules juniors jusqu&rsquo;en 2005. Comme la plupart des pilotes, je voulais entrer en Formule 1, mais j&rsquo;ai compris assez rapidement que vous aviez besoin des bonnes connexions et d\u2019un budget cons\u00e9quent, deux choses que je n&rsquo;avais pas n\u00e9cessairement \u00e0 l&rsquo;\u00e9poque. Donc,  j&rsquo;ai d\u00fb faire un choix. J&rsquo;ai toujours \u00e9t\u00e9 attir\u00e9 par la course automobile aux Etats-Unis, alors j\u2019ai contact\u00e9 quelques \u00e9quipes am\u00e9ricaines en Formule Atlantique et je les ai convaincues de me laisser participer \u00e0 des tests. J&rsquo;ai bien fait car Team Australia m\u2019a engag\u00e9 pour la saison 2006 !<\/p>\n\n<h2 class=\"wp-block-heading\">Vivre en Am\u00e9rique<\/h2>\n\n<p>Alors, \u00e0 seulement 21 ans, j&rsquo;ai fait mes valises et d\u00e9m\u00e9nag\u00e9 \u00e0 Indianapolis sans parler tr\u00e8s bien anglais ! J&rsquo;ai promis \u00e0 ma famille que, si je ne r\u00e9ussissais pas dans l\u2019intervalle d\u2019un an, je reviendrais en Europe et prendrai un emploi \u00ab normal \u00bb. Juste pour vous montrer que je le pensais vraiment : j&rsquo;ai tout lou\u00e9 pendant un an. Mon appartement, ma voiture, m\u00eame ma t\u00e9l\u00e9 et mon canap\u00e9 ! J&rsquo;\u00e9tais d\u00e9termin\u00e9 \u00e0 y aller, et je l&rsquo;ai fait. J&rsquo;ai tout de suite gagn\u00e9 le championnat Atlantic et j&rsquo;ai utilis\u00e9 l&rsquo;argent du prix pour passer en Champ Car en 2007. Ma vie en Am\u00e9rique s\u2019est alors acc\u00e9l\u00e9r\u00e9e&#8230;<\/p>\n\n<p>C&rsquo;est en Champ Car que j&rsquo;ai rencontr\u00e9 S\u00e9bastien Bourdais pour la premi\u00e8re fois. Il m&rsquo;a \u00e9norm\u00e9ment aid\u00e9, m&rsquo;a donn\u00e9 beaucoup de conseils, non seulement pour la course, mais aussi en ce qui concerne la vie aux \u00c9tats-Unis. Gr\u00e2ce \u00e0 lui, j&rsquo;ai rencontr\u00e9 les bonnes personnes et il a \u00e9t\u00e9 le premier pilote \u00e0 me retrouver dans mon camping-car apr\u00e8s ma victoire aux 500 Miles. Nous sommes devenus de tr\u00e8s bons amis et je ne peux pas le remercier assez.<\/p>\n\n<figure class=\"wp-block-image size-large\"><img loading=\"lazy\" decoding=\"async\" width=\"1024\" height=\"683\" src=\"https:\/\/simon-pagenaud.com\/wp-content\/uploads\/2021\/12\/pagenaud_bourdais_barber-2011_s-1024x683.jpg\" alt=\"\" class=\"wp-image-3069\" srcset=\"https:\/\/simon-pagenaud.com\/wp-content\/uploads\/2021\/12\/pagenaud_bourdais_barber-2011_s-1024x683.jpg 1024w, https:\/\/simon-pagenaud.com\/wp-content\/uploads\/2021\/12\/pagenaud_bourdais_barber-2011_s-980x653.jpg 980w, https:\/\/simon-pagenaud.com\/wp-content\/uploads\/2021\/12\/pagenaud_bourdais_barber-2011_s-480x320.jpg 480w\" sizes=\"(min-width: 0px) and (max-width: 480px) 480px, (min-width: 481px) and (max-width: 980px) 980px, (min-width: 981px) 1024px, 100vw\" \/><figcaption>Simon Pagenaud &amp; S\u00e9bastien Bourdais &#8211; Barber 2011<\/figcaption><\/figure>\n\n<h2 class=\"wp-block-heading\">Puis cela s&rsquo;est mal pass\u00e9&#8230;<\/h2>\n\n<p>La carri\u00e8re d&rsquo;un pilote de course n\u2019est pas un fleuve tranquille. Vous avez besoin d&rsquo;une \u00e9quipe pour courir et le nombre de places sur la grille chaque ann\u00e9e est limit\u00e9. J&rsquo;ai eu l&rsquo;occasion d\u2019en faire l\u2019am\u00e8re exp\u00e9rience lorsque mon \u00e9quipe de Champ Car a fait faillite pour la saison 2008. Apr\u00e8s seulement deux ans aux Etats-Unis, je n&rsquo;avais nulle part o\u00f9 aller, pas de volant pour l&rsquo;ann\u00e9e \u00e0 venir. C&rsquo;\u00e9tait une pens\u00e9e effrayante car je savais que je n&rsquo;avais pas encore atteint mon plein potentiel. Alors, je me suis tourn\u00e9 vers mon autre passion : l\u2019endurance. J&rsquo;ai rejoint la s\u00e9rie American Le Mans en 2008 et je suis pass\u00e9 tout pr\u00e8s de remporter la c\u00e9l\u00e8bre course des 24 Heures du Mans en 2011. Cette quasi-victoire m\u2019a donn\u00e9 beaucoup de visibilit\u00e9, tant en Europe qu&rsquo;aux Etats-Unis, et cela m&rsquo;a finalement ouvert les portes de l&rsquo;IndyCar. C&rsquo;\u00e9tait en 2012&#8230;<\/p>\n\n<h2 class=\"wp-block-heading\">10 ans et toujours plus fort<\/h2>\n\n<p>Je suis \u00e0 seulement quelques jours de ma 10\u00e8me saison en IndyCar. Qu&rsquo;est-ce que je ressens ? En ce moment, tout est une question de confiance et de conviction. Je crois que nous allons \u00eatre pr\u00e9tendants au titre cette saison. Cet hiver, je n&rsquo;ai pas pu aller en France pour la premi\u00e8re fois depuis que j&rsquo;ai d\u00e9m\u00e9nag\u00e9 aux \u00c9tats-Unis. Je me suis donc concentr\u00e9 encore davantage sur la pr\u00e9paration de la prochaine saison. J&rsquo;ai pass\u00e9 beaucoup de temps \u00e0 regarder mes anciennes courses et \u00e0 trouver des points d\u2019am\u00e9lioration, j&rsquo;ai travaill\u00e9 avec mes ing\u00e9nieurs pour pr\u00e9parer la saison \u00e0 venir et j&rsquo;ai intensifi\u00e9 mon entra\u00eenement physique.<\/p>\n\n<p>J&rsquo;ai h\u00e2te de d\u00e9buter la 10e saison. Je suis aussi passionn\u00e9 par ce que je fais que quand j&rsquo;ai commenc\u00e9. Peut-\u00eatre plus. J&rsquo;aime me pousser, je veux m&rsquo;am\u00e9liorer tout le temps et \u00eatre le meilleur possible. J&rsquo;apprends quelque chose de nouveau chaque fois que je suis sur la piste. Je progresse tous les jours, en tant que pilote et en tant que personne.&#13;\n&#13;\n<\/p>\n\n<p>Aux 10 prochaines ann\u00e9es !  <\/p>\n","protected":false},"excerpt":{"rendered":"<p>2021 marque ma 10\u00e8me saison en IndyCar. Je n&rsquo;arrive pas \u00e0 croire \u00e0 quel vitesse le temps a pass\u00e9. Et combien de choses se sont pass\u00e9es au cours de ces 10 ann\u00e9es. J&rsquo;ai gagn\u00e9 les 500 Miles d\u2019Indianapolis, mon r\u00eave de toute une vie, j&rsquo;ai \u00e9t\u00e9 champion IndyCar et j&rsquo;ai gagn\u00e9 15 courses. Et mon [&hellip;]<\/p>\n","protected":false},"author":1,"featured_media":3163,"comment_status":"closed","ping_status":"closed","sticky":false,"template":"","format":"standard","meta":{"_et_pb_use_builder":"off","_et_pb_old_content":"","_et_gb_content_width":"","footnotes":""},"categories":[25],"tags":[],"table_tags":[],"class_list":["post-3326","post","type-post","status-publish","format-standard","has-post-thumbnail","hentry","category-indycar-fr"],"_links":{"self":[{"href":"https:\/\/simon-pagenaud.com\/fr\/wp-json\/wp\/v2\/posts\/3326","targetHints":{"allow":["GET"]}}],"collection":[{"href":"https:\/\/simon-pagenaud.com\/fr\/wp-json\/wp\/v2\/posts"}],"about":[{"href":"https:\/\/simon-pagenaud.com\/fr\/wp-json\/wp\/v2\/types\/post"}],"author":[{"embeddable":true,"href":"https:\/\/simon-pagenaud.com\/fr\/wp-json\/wp\/v2\/users\/1"}],"replies":[{"embeddable":true,"href":"https:\/\/simon-pagenaud.com\/fr\/wp-json\/wp\/v2\/comments?post=3326"}],"version-history":[{"count":1,"href":"https:\/\/simon-pagenaud.com\/fr\/wp-json\/wp\/v2\/posts\/3326\/revisions"}],"predecessor-version":[{"id":3327,"href":"https:\/\/simon-pagenaud.com\/fr\/wp-json\/wp\/v2\/posts\/3326\/revisions\/3327"}],"wp:featuredmedia":[{"embeddable":true,"href":"https:\/\/simon-pagenaud.com\/fr\/wp-json\/wp\/v2\/media\/3163"}],"wp:attachment":[{"href":"https:\/\/simon-pagenaud.com\/fr\/wp-json\/wp\/v2\/media?parent=3326"}],"wp:term":[{"taxonomy":"category","embeddable":true,"href":"https:\/\/simon-pagenaud.com\/fr\/wp-json\/wp\/v2\/categories?post=3326"},{"taxonomy":"post_tag","embeddable":true,"href":"https:\/\/simon-pagenaud.com\/fr\/wp-json\/wp\/v2\/tags?post=3326"},{"taxonomy":"table_tags","embeddable":true,"href":"https:\/\/simon-pagenaud.com\/fr\/wp-json\/wp\/v2\/table_tags?post=3326"}],"curies":[{"name":"wp","href":"https:\/\/api.w.org\/{rel}","templated":true}]}}