{"id":15328,"date":"2024-05-23T10:32:18","date_gmt":"2024-05-23T14:32:18","guid":{"rendered":"https:\/\/simon-pagenaud.com\/?p=15328"},"modified":"2024-05-23T10:32:18","modified_gmt":"2024-05-23T14:32:18","slug":"simon-pagenaud-rend-hommage-a-gil-de-ferran-aux-500-miles-dindianapolis-2024","status":"publish","type":"post","link":"https:\/\/simon-pagenaud.com\/fr\/2024\/05\/23\/simon-pagenaud-rend-hommage-a-gil-de-ferran-aux-500-miles-dindianapolis-2024\/","title":{"rendered":"Simon Pagenaud rend hommage \u00e0 Gil de Ferran aux 500 miles d&rsquo;Indianapolis 2024"},"content":{"rendered":"\n<p>Indianapolis,  le 23 mai 2024 \u2013 Simon Pagenaud a une longue et fructueuse histoire avec les 500 miles d&rsquo;Indianapolis, y participant \u00e0 12 reprises et les remportant depuis la pole position en 2019. Mais cette ann\u00e9e, il ne sera pas \u00e0 l&rsquo;IMS pour courir, il sera l\u00e0 pour honorer son ami et mentor, le regrett\u00e9 Gil de Ferran.<\/p>\n\n<p>Dimanche matin, Simon conduira la G-force iconique de Gil dans laquelle il a gagn\u00e9 les 500 miles d\u2019Indianapolis en 2003 avec le Team Penske, une voiture dont Penske Restauration a pris soin depuis. Simon fera un tour du l\u00e9gendaire Indianapolis Motor Speedway en hommage \u00e0 Gil.<\/p>\n\n<p>Simon et Gil ont \u00e9t\u00e9 proches pendant pr\u00e8s de deux d\u00e9cennies, Gil \u00e9tant le mentor du jeune Fran\u00e7ais lorsqu&rsquo;il est arriv\u00e9 aux \u00c9tats-Unis. Ils pouvaient passer des heures \u00e0 discuter et Simon appelait Gil son Yoda. Connaissant leur lien fort, la famille de Ferran souhaitait que Simon conduise la voiture de Gil lors de l&rsquo;hommage \u00e0 la m\u00e9moire du Franco-Br\u00e9silien.<\/p>\n\n<p>\u00ab\u00a0Gil de Ferran a \u00e9t\u00e9 mon mod\u00e8le, non seulement un excellent pilote automobile, mais surtout un p\u00e8re de famille aimant.<\/p>\n\n<p>\u00ab\u00a0J\u2019ai eu la chance de devenir tr\u00e8s proche avec Gil, Angela, Anna et Luke aux fils des ann\u00e9es. A travers cet hommage, je suis heureux que l\u2019on ait tous la chance de se rem\u00e9morer Gil gagnant les 500 miles d\u2019Indianapolis au volant de cette magnifique Penske, c\u00e9l\u00e8bre par ses couleurs orange et blanche.&#13;\n&#13;\n\u00ab\u00a0Les couleurs, le casque, le son, les souvenirs et le fait que Gil m\u2019ait tout appris au sujet du Speedway d\u2019Indianapolis. Je me souviens des soir\u00e9es tr\u00e8s tardives (voir matinales) avec mon Yoda \u00e0 parler des d\u00e9tails n\u00e9cessaires pour remporter ces 500 Miles.<\/p>\n\n<p>\u00ab\u00a0Lorsque j\u2019ai re\u00e7u le coup de t\u00e9l\u00e9phone d\u2019Angela, Luke et Anna, et leur demande de me voir piloter la voiture victorieuse de Gil, je n\u2019ai pas pu retenir mes larmes. Je suis tr\u00e8s reconnaissant d\u2019avoir la chance de rappeler \u00e0 tout le monde lors de cette journ\u00e9e automobile de l&rsquo;incroyable pilote, p\u00e8re et homme qu\u2019il \u00e9tait.\u00a0\u00bb<\/p>\n\n<p>Pendant le tour d&rsquo;hommage, Simon portera un casque qu&rsquo;il a sp\u00e9cialement con\u00e7u \u00e0 la m\u00e9moire de son ami. Les d\u00e9tails du casque seront divulgu\u00e9s avant l&rsquo;hommage de dimanche via les r\u00e9seaux sociaux de Simon.<\/p>\n\n<p>Le tour de parade partira du virage 1 du circuit routier, le dimanche 26 mai \u00e0 10h40 heure locale et fera partie du tour IMS Museum \u00ab\u00a0500\u00a0\u00bb Historic Car Lap.<\/p>\n","protected":false},"excerpt":{"rendered":"<p>Indianapolis, le 23 mai 2024 \u2013 Simon Pagenaud a une longue et fructueuse histoire avec les 500 miles d&rsquo;Indianapolis, y participant \u00e0 12 reprises et les remportant depuis la pole position en 2019. Mais cette ann\u00e9e, il ne sera pas \u00e0 l&rsquo;IMS pour courir, il sera l\u00e0 pour honorer son ami et mentor, le regrett\u00e9 [&hellip;]<\/p>\n","protected":false},"author":1,"featured_media":15325,"comment_status":"closed","ping_status":"closed","sticky":false,"template":"","format":"standard","meta":{"_et_pb_use_builder":"off","_et_pb_old_content":"","_et_gb_content_width":"","footnotes":""},"categories":[25],"tags":[],"table_tags":[],"class_list":["post-15328","post","type-post","status-publish","format-standard","has-post-thumbnail","hentry","category-indycar-fr"],"_links":{"self":[{"href":"https:\/\/simon-pagenaud.com\/fr\/wp-json\/wp\/v2\/posts\/15328","targetHints":{"allow":["GET"]}}],"collection":[{"href":"https:\/\/simon-pagenaud.com\/fr\/wp-json\/wp\/v2\/posts"}],"about":[{"href":"https:\/\/simon-pagenaud.com\/fr\/wp-json\/wp\/v2\/types\/post"}],"author":[{"embeddable":true,"href":"https:\/\/simon-pagenaud.com\/fr\/wp-json\/wp\/v2\/users\/1"}],"replies":[{"embeddable":true,"href":"https:\/\/simon-pagenaud.com\/fr\/wp-json\/wp\/v2\/comments?post=15328"}],"version-history":[{"count":8,"href":"https:\/\/simon-pagenaud.com\/fr\/wp-json\/wp\/v2\/posts\/15328\/revisions"}],"predecessor-version":[{"id":15340,"href":"https:\/\/simon-pagenaud.com\/fr\/wp-json\/wp\/v2\/posts\/15328\/revisions\/15340"}],"wp:featuredmedia":[{"embeddable":true,"href":"https:\/\/simon-pagenaud.com\/fr\/wp-json\/wp\/v2\/media\/15325"}],"wp:attachment":[{"href":"https:\/\/simon-pagenaud.com\/fr\/wp-json\/wp\/v2\/media?parent=15328"}],"wp:term":[{"taxonomy":"category","embeddable":true,"href":"https:\/\/simon-pagenaud.com\/fr\/wp-json\/wp\/v2\/categories?post=15328"},{"taxonomy":"post_tag","embeddable":true,"href":"https:\/\/simon-pagenaud.com\/fr\/wp-json\/wp\/v2\/tags?post=15328"},{"taxonomy":"table_tags","embeddable":true,"href":"https:\/\/simon-pagenaud.com\/fr\/wp-json\/wp\/v2\/table_tags?post=15328"}],"curies":[{"name":"wp","href":"https:\/\/api.w.org\/{rel}","templated":true}]}}